{"id":9619,"date":"2013-10-23T15:52:23","date_gmt":"2013-10-23T15:52:23","guid":{"rendered":"http:\/\/copades.com\/monec\/?p=9619"},"modified":"2013-10-23T15:52:23","modified_gmt":"2013-10-23T15:52:23","slug":"plan-b-del-gobierno-es-parecido-a-la-intervencion","status":"publish","type":"post","link":"https:\/\/copades.com\/monec\/?p=9619","title":{"rendered":"Plan B del Gobierno es parecido a la intervenci\u00f3n"},"content":{"rendered":"<p style=\"text-align: justify;\">El Gobierno dice tener un plan B ante la posibilidad de que la Corte de Constitucionalidad (CC) declare improcedente la intervenci\u00f3n de la SAT; sin embargo, el mecanismo alterno, en esencia, plantea las mismas acciones que se impulsar\u00eda con la toma de las aduanas. El plan B buscar\u00eda mejorar los controles (tecnificaci\u00f3n) en las aduanas, a fin de mejorar la recaudaci\u00f3n. Incluye la suscripci\u00f3n de \u201cacuerdos interinstitucionales que permitan tener presencia y capacidad para apoyar a la SAT (Superintendencia de Administraci\u00f3n Tributaria)\u201d, se\u00f1ala el presidente <strong>Otto P\u00e9rez Molina<\/strong>, al confirmar la existencia del otro mecanismo de control. En el marco de una citaci\u00f3n con la Comisi\u00f3n Extraordinaria de Apoyo a la Recaudaci\u00f3n del Congreso, <strong>Mar\u00eda Castro<\/strong>, ministra de Finanzas en funciones, hab\u00eda confirmado el plan B y las medidas que se tienen previstas. (Siglo XXI 23.10.13)<\/p>\n","protected":false},"excerpt":{"rendered":"<p>El Gobierno dice tener un plan B ante la posibilidad de que la Corte de Constitucionalidad (CC) declare improcedente la intervenci\u00f3n de la SAT; sin embargo, el mecanismo alterno, en esencia, plantea las mismas&#46;&#46;&#46;<\/p>\n","protected":false},"author":1,"featured_media":0,"comment_status":"open","ping_status":"closed","sticky":false,"template":"","format":"standard","meta":{"footnotes":""},"categories":[41,39],"tags":[789,79],"class_list":["post-9619","post","type-post","status-publish","format-standard","hentry","category-finanzas-publicas","category-sector-publico","tag-cc","tag-sat"],"_links":{"self":[{"href":"https:\/\/copades.com\/monec\/index.php?rest_route=\/wp\/v2\/posts\/9619","targetHints":{"allow":["GET"]}}],"collection":[{"href":"https:\/\/copades.com\/monec\/index.php?rest_route=\/wp\/v2\/posts"}],"about":[{"href":"https:\/\/copades.com\/monec\/index.php?rest_route=\/wp\/v2\/types\/post"}],"author":[{"embeddable":true,"href":"https:\/\/copades.com\/monec\/index.php?rest_route=\/wp\/v2\/users\/1"}],"replies":[{"embeddable":true,"href":"https:\/\/copades.com\/monec\/index.php?rest_route=%2Fwp%2Fv2%2Fcomments&post=9619"}],"version-history":[{"count":1,"href":"https:\/\/copades.com\/monec\/index.php?rest_route=\/wp\/v2\/posts\/9619\/revisions"}],"predecessor-version":[{"id":9620,"href":"https:\/\/copades.com\/monec\/index.php?rest_route=\/wp\/v2\/posts\/9619\/revisions\/9620"}],"wp:attachment":[{"href":"https:\/\/copades.com\/monec\/index.php?rest_route=%2Fwp%2Fv2%2Fmedia&parent=9619"}],"wp:term":[{"taxonomy":"category","embeddable":true,"href":"https:\/\/copades.com\/monec\/index.php?rest_route=%2Fwp%2Fv2%2Fcategories&post=9619"},{"taxonomy":"post_tag","embeddable":true,"href":"https:\/\/copades.com\/monec\/index.php?rest_route=%2Fwp%2Fv2%2Ftags&post=9619"}],"curies":[{"name":"wp","href":"https:\/\/api.w.org\/{rel}","templated":true}]}}