{"id":9747,"date":"2013-10-31T17:17:26","date_gmt":"2013-10-31T17:17:26","guid":{"rendered":"http:\/\/copades.com\/monec\/?p=9747"},"modified":"2013-10-31T17:17:26","modified_gmt":"2013-10-31T17:17:26","slug":"desempleo-baja-en-la-region","status":"publish","type":"post","link":"https:\/\/copades.com\/monec\/?p=9747","title":{"rendered":"Desempleo baja en la regi\u00f3n"},"content":{"rendered":"<p style=\"text-align: justify;\">El desempleo en Am\u00e9rica Latina y el Caribe baj\u00f3 durante el primer semestre del 2013 hasta el 6.6% y podr\u00eda finalizar el a\u00f1o en el 6.20%, seg\u00fan las proyecciones de la Comisi\u00f3n Econ\u00f3mica para Am\u00e9rica Latina y el Caribe (CEPAL) y la Organizaci\u00f3n Internacional del Trabajo (OIT) divulgadas el 30 de octubre. La tasa que estiman ambas organizaciones supone un m\u00ednimo hist\u00f3rico en la regi\u00f3n y un leve descenso respecto del desempleo del 2012, que fue del 6.40%, indicaron en el documento \u201cCoyuntura laboral de Am\u00e9rica Latina y el Caribe\u201d, difundido en Santiago. La CEPAL y la OIT destacaron que la primera mitad del 2013 \u201cno ha sido un per\u00edodo f\u00e1cil\u201d para Am\u00e9rica Latina, que ha visto c\u00f3mo se frenaban la demanda y los precios de las exportaciones a ra\u00edz del bajo dinamismo de la econom\u00eda mundial. (Prensa Libre\/Siglo XXI 31.10.13)<\/p>\n","protected":false},"excerpt":{"rendered":"<p>El desempleo en Am\u00e9rica Latina y el Caribe baj\u00f3 durante el primer semestre del 2013 hasta el 6.6% y podr\u00eda finalizar el a\u00f1o en el 6.20%, seg\u00fan las proyecciones de la Comisi\u00f3n Econ\u00f3mica para&#46;&#46;&#46;<\/p>\n","protected":false},"author":1,"featured_media":0,"comment_status":"open","ping_status":"closed","sticky":false,"template":"","format":"standard","meta":{"footnotes":""},"categories":[55],"tags":[141,494],"class_list":["post-9747","post","type-post","status-publish","format-standard","hentry","category-internacionales-seleccion","tag-cepal","tag-oit"],"_links":{"self":[{"href":"https:\/\/copades.com\/monec\/index.php?rest_route=\/wp\/v2\/posts\/9747","targetHints":{"allow":["GET"]}}],"collection":[{"href":"https:\/\/copades.com\/monec\/index.php?rest_route=\/wp\/v2\/posts"}],"about":[{"href":"https:\/\/copades.com\/monec\/index.php?rest_route=\/wp\/v2\/types\/post"}],"author":[{"embeddable":true,"href":"https:\/\/copades.com\/monec\/index.php?rest_route=\/wp\/v2\/users\/1"}],"replies":[{"embeddable":true,"href":"https:\/\/copades.com\/monec\/index.php?rest_route=%2Fwp%2Fv2%2Fcomments&post=9747"}],"version-history":[{"count":1,"href":"https:\/\/copades.com\/monec\/index.php?rest_route=\/wp\/v2\/posts\/9747\/revisions"}],"predecessor-version":[{"id":9748,"href":"https:\/\/copades.com\/monec\/index.php?rest_route=\/wp\/v2\/posts\/9747\/revisions\/9748"}],"wp:attachment":[{"href":"https:\/\/copades.com\/monec\/index.php?rest_route=%2Fwp%2Fv2%2Fmedia&parent=9747"}],"wp:term":[{"taxonomy":"category","embeddable":true,"href":"https:\/\/copades.com\/monec\/index.php?rest_route=%2Fwp%2Fv2%2Fcategories&post=9747"},{"taxonomy":"post_tag","embeddable":true,"href":"https:\/\/copades.com\/monec\/index.php?rest_route=%2Fwp%2Fv2%2Ftags&post=9747"}],"curies":[{"name":"wp","href":"https:\/\/api.w.org\/{rel}","templated":true}]}}