{"id":9823,"date":"2013-11-06T16:43:43","date_gmt":"2013-11-06T16:43:43","guid":{"rendered":"http:\/\/copades.com\/monec\/?p=9823"},"modified":"2013-11-06T16:43:43","modified_gmt":"2013-11-06T16:43:43","slug":"aumentan-las-reservaciones-para-fin-de-ano","status":"publish","type":"post","link":"https:\/\/copades.com\/monec\/?p=9823","title":{"rendered":"Aumentan las reservaciones para fin de a\u00f1o"},"content":{"rendered":"<p>Las reservaciones para celebrar convivios navide\u00f1os van en aumento, ya que seg\u00fan varios sectores, centros recreativos, restaurantes y hoteles reportan m\u00e1s solicitudes. <strong>Carlos Contreras<\/strong>, ministro de Trabajo, explic\u00f3 que cientos de trabajadores del Estado hicieron largas filas, la madrugada 04 de noviembre, frente a las instalaciones del Ministerio, para reservar un espacio en los centros recreativos exclusivos para los servidores p\u00fablicos. \u201cEl m\u00e1s requerido es <em>Casa Contenta<\/em>, en <em>Panajachel<\/em>, Solol\u00e1. El cupo qued\u00f3 lleno en los primeros dos d\u00edas de esta semana\u201d, a\u00f1adi\u00f3 el funcionario. <strong>Contreras<\/strong> explic\u00f3 que para atender la demanda buscan implementar el pr\u00f3ximo a\u00f1o un servicio electr\u00f3nico de reservaciones. Adem\u00e1s existe un plan de remodelaci\u00f3n y ampliaci\u00f3n de n\u00famero de habitaciones para poder atender a mayor n\u00famero de trabajadores. (Prensa Libre 06.11.13)<\/p>\n","protected":false},"excerpt":{"rendered":"<p>Las reservaciones para celebrar convivios navide\u00f1os van en aumento, ya que seg\u00fan varios sectores, centros recreativos, restaurantes y hoteles reportan m\u00e1s solicitudes. Carlos Contreras, ministro de Trabajo, explic\u00f3 que cientos de trabajadores del Estado&#46;&#46;&#46;<\/p>\n","protected":false},"author":1,"featured_media":0,"comment_status":"open","ping_status":"closed","sticky":false,"template":"","format":"standard","meta":{"footnotes":""},"categories":[9,5],"tags":[1753],"class_list":["post-9823","post","type-post","status-publish","format-standard","hentry","category-actividad-productiva-actividad-productiva","category-actividad-productiva","tag-celebrar-convivios-navidenos"],"_links":{"self":[{"href":"https:\/\/copades.com\/monec\/index.php?rest_route=\/wp\/v2\/posts\/9823","targetHints":{"allow":["GET"]}}],"collection":[{"href":"https:\/\/copades.com\/monec\/index.php?rest_route=\/wp\/v2\/posts"}],"about":[{"href":"https:\/\/copades.com\/monec\/index.php?rest_route=\/wp\/v2\/types\/post"}],"author":[{"embeddable":true,"href":"https:\/\/copades.com\/monec\/index.php?rest_route=\/wp\/v2\/users\/1"}],"replies":[{"embeddable":true,"href":"https:\/\/copades.com\/monec\/index.php?rest_route=%2Fwp%2Fv2%2Fcomments&post=9823"}],"version-history":[{"count":1,"href":"https:\/\/copades.com\/monec\/index.php?rest_route=\/wp\/v2\/posts\/9823\/revisions"}],"predecessor-version":[{"id":9824,"href":"https:\/\/copades.com\/monec\/index.php?rest_route=\/wp\/v2\/posts\/9823\/revisions\/9824"}],"wp:attachment":[{"href":"https:\/\/copades.com\/monec\/index.php?rest_route=%2Fwp%2Fv2%2Fmedia&parent=9823"}],"wp:term":[{"taxonomy":"category","embeddable":true,"href":"https:\/\/copades.com\/monec\/index.php?rest_route=%2Fwp%2Fv2%2Fcategories&post=9823"},{"taxonomy":"post_tag","embeddable":true,"href":"https:\/\/copades.com\/monec\/index.php?rest_route=%2Fwp%2Fv2%2Ftags&post=9823"}],"curies":[{"name":"wp","href":"https:\/\/api.w.org\/{rel}","templated":true}]}}